{"id":255,"date":"2024-03-05T01:26:54","date_gmt":"2024-03-05T00:26:54","guid":{"rendered":"https:\/\/www.nagrocki.net\/?p=255"},"modified":"2024-03-05T01:26:54","modified_gmt":"2024-03-05T00:26:54","slug":"osoby-ktore-doskonale-wiedza-o-wadliwosci-wlasnej-nominacji-glosno-krzycza-o-innych-probujac-od-siebie-odwrocic-uwage","status":"publish","type":"post","link":"https:\/\/www.nagrocki.net\/?p=255","title":{"rendered":"Osoby, kt\u00f3re doskonale wiedz\u0105 o wadliwo\u015bci w\u0142asnej nominacji, g\u0142o\u015bno krzycz\u0105 o innych, pr\u00f3buj\u0105c od siebie odwr\u00f3ci\u0107 uwag\u0119"},"content":{"rendered":"\n<p>\u201eZgodnie z przys\u0142owiem, pod latarni\u0105 najciemniej. Osoby, kt\u00f3re doskonale wiedz\u0105 o wadliwo\u015bci w\u0142asnej nominacji, g\u0142o\u015bno krzycz\u0105 o innych, pr\u00f3buj\u0105c od siebie odwr\u00f3ci\u0107 uwag\u0119\u201d \u2013 stwierdzi\u0142 s\u0119dzia S\u0105du Najwy\u017cszego, dr hab. nauk prawnych Tomasz Demendecki. \u201e<strong>To kwestia do rozpatrzenia przez Trybuna\u0142 Konstytucyjny. Potrzebne by\u0142oby jakie\u015b dzia\u0142anie sanacyjne\u201d<\/strong> \u2013 nie ma w\u0105tpliwo\u015bci prof. Pawe\u0142 Czubik, tak\u017ce s\u0119dzia SN.\u00a0<\/p>\n\n\n\n<p>Gdy 10 kwietnia 2010 roku dosz\u0142o do tragedii w Smole\u0144sku i zgin\u0105\u0142 \u015bp. prezydent Lech Kaczy\u0144ski, obowi\u0105zki g\u0142owy pa\u0144stwa przej\u0105\u0142 \u00f3wczesny marsza\u0142ek Sejmu Bronis\u0142aw Komorowski. Tymczasowo, do czasu przeprowadzenia wybor\u00f3w.<\/p>\n\n\n\n<p>Ale ju\u017c po kilku tygodniach, bo w maju, wr\u0119cza\u0142 nominacje s\u0119dziom. W archiwum na stronie Kancelarii Prezydenta RP znale\u017ali\u015bmy jedynie lakoniczn\u0105 informacj\u0119, \u017ce 4 maja odebra\u0142o je 68 os\u00f3b, a dwa tygodnie p\u00f3\u017aniej kolejnych 49. Wi\u0119kszo\u015b\u0107 dotyczy\u0142a s\u0119dzi\u00f3w s\u0105d\u00f3w rejonowych, ale te\u017c kilkunastu z s\u0105d\u00f3w okr\u0119gowych czy Naczelnego S\u0105du Administracyjnego. Ca\u0142y artyku\u0142 pt. <\/p>\n\n\n\n<p class=\"has-vivid-red-color has-text-color has-link-color has-medium-font-size wp-elements-e4114bbf9f7fcca112495dd325c13f43\"><strong>Tuleya jest niekonstytucyjny! Wydaj\u0105 wyroki, a \u015blubowali marsza\u0142kowi Sejmu. Wadliwe nominacje Komorowskiego i Schetyny<\/strong><\/p>\n\n\n\n<p>mo\u017cna przeczyta\u0107 <a href=\"https:\/\/niezalezna.pl\/media\/gazeta-polska\/tuleya-jest-niekonstytucyjny-wydaja-wyroki-a-slubowali-marszalkowi-sejmu-wadliwe-nominacje-komorowskiego-i-schetyny\/464434\">tutaj<\/a>.<\/p>\n","protected":false},"excerpt":{"rendered":"<p>\u201eZgodnie z przys\u0142owiem, pod latarni\u0105 najciemniej. Osoby, kt\u00f3re doskonale wiedz\u0105 o wadliwo\u015bci w\u0142asnej nominacji, g\u0142o\u015bno krzycz\u0105 o innych, pr\u00f3buj\u0105c od siebie odwr\u00f3ci\u0107 uwag\u0119\u201d \u2013 stwierdzi\u0142 s\u0119dzia S\u0105du Najwy\u017cszego, dr hab. nauk prawnych Tomasz Demendecki. \u201eTo kwestia do rozpatrzenia przez Trybuna\u0142 Konstytucyjny. Potrzebne by\u0142oby jakie\u015b dzia\u0142anie sanacyjne\u201d \u2013 nie ma w\u0105tpliwo\u015bci prof. Pawe\u0142 Czubik, tak\u017ce s\u0119dzia\u2026 <span class=\"read-more\"><a href=\"https:\/\/www.nagrocki.net\/?p=255\">Dowiedz si\u0119 wi\u0119cej &raquo;<\/a><\/span><\/p>\n","protected":false},"author":1,"featured_media":0,"comment_status":"open","ping_status":"open","sticky":false,"template":"","format":"standard","meta":{"footnotes":""},"categories":[34,33,35],"tags":[],"class_list":["post-255","post","type-post","status-publish","format-standard","hentry","category-konstytucja","category-polskie-prawo","category-trybunal-konstytucyjny"],"_links":{"self":[{"href":"https:\/\/www.nagrocki.net\/index.php?rest_route=\/wp\/v2\/posts\/255","targetHints":{"allow":["GET"]}}],"collection":[{"href":"https:\/\/www.nagrocki.net\/index.php?rest_route=\/wp\/v2\/posts"}],"about":[{"href":"https:\/\/www.nagrocki.net\/index.php?rest_route=\/wp\/v2\/types\/post"}],"author":[{"embeddable":true,"href":"https:\/\/www.nagrocki.net\/index.php?rest_route=\/wp\/v2\/users\/1"}],"replies":[{"embeddable":true,"href":"https:\/\/www.nagrocki.net\/index.php?rest_route=%2Fwp%2Fv2%2Fcomments&post=255"}],"version-history":[{"count":1,"href":"https:\/\/www.nagrocki.net\/index.php?rest_route=\/wp\/v2\/posts\/255\/revisions"}],"predecessor-version":[{"id":256,"href":"https:\/\/www.nagrocki.net\/index.php?rest_route=\/wp\/v2\/posts\/255\/revisions\/256"}],"wp:attachment":[{"href":"https:\/\/www.nagrocki.net\/index.php?rest_route=%2Fwp%2Fv2%2Fmedia&parent=255"}],"wp:term":[{"taxonomy":"category","embeddable":true,"href":"https:\/\/www.nagrocki.net\/index.php?rest_route=%2Fwp%2Fv2%2Fcategories&post=255"},{"taxonomy":"post_tag","embeddable":true,"href":"https:\/\/www.nagrocki.net\/index.php?rest_route=%2Fwp%2Fv2%2Ftags&post=255"}],"curies":[{"name":"wp","href":"https:\/\/api.w.org\/{rel}","templated":true}]}}