{"id":368,"date":"2025-04-04T01:10:56","date_gmt":"2025-04-03T23:10:56","guid":{"rendered":"https:\/\/www.nagrocki.net\/?p=368"},"modified":"2025-04-04T01:22:12","modified_gmt":"2025-04-03T23:22:12","slug":"czy-donald-trump-ma-racje-polska-powinna-opuscic-unie-europejska","status":"publish","type":"post","link":"https:\/\/www.nagrocki.net\/?p=368","title":{"rendered":"Czy Donald Trump ma racj\u0119? Polska powinna opu\u015bci\u0107 Uni\u0119 Europejsk\u0105!"},"content":{"rendered":"\n<p>Jeden z komentarzy zamieszczony na YouTube pod poni\u017cszym wideo:<\/p>\n\n\n\n<p><em>Panie Prezydencie dzi\u0119kuj\u0119 za te s\u0142owa otuchy dla Narodu Polskiego. Nar\u00f3d Polski wyszed\u0142by z UE , bo jeste\u015bmy zgn\u0119bieni., totalnie zgn\u0119bieni przez UE we wszystkich sferach \u017cycia. Niestety nie mamy jako Nar\u00f3d powa\u017cnej si\u0142y politycznej w Warszawie , kt\u00f3ra powiedzia\u0142aby &#8221; Do\u015b\u0107, Wychodzimy&#8221;. Nie mamy Polityka Wizjonera.<\/em><\/p>\n\n\n\n<p><a href=\"https:\/\/www.youtube.com\/watch?v=KJczeI5Jsxk\">Zobacz na YouTube<\/a><\/p>\n\n\n\n<figure class=\"wp-block-embed is-type-video is-provider-youtube wp-block-embed-youtube wp-embed-aspect-16-9 wp-has-aspect-ratio\"><div class=\"wp-block-embed__wrapper\">\n<iframe loading=\"lazy\" title=\"\ud83d\uded1 PILNE, DONALD TRUMP WYDAJE MOCNE O\u015aWIADCZENIE, POLSKA POZA UE, NATYCHMIAST!\" width=\"665\" height=\"374\" src=\"https:\/\/www.youtube.com\/embed\/KJczeI5Jsxk?feature=oembed\" frameborder=\"0\" allow=\"accelerometer; autoplay; clipboard-write; encrypted-media; gyroscope; picture-in-picture; web-share\" referrerpolicy=\"strict-origin-when-cross-origin\" allowfullscreen><\/iframe>\n<\/div><\/figure>\n","protected":false},"excerpt":{"rendered":"<p>Jeden z komentarzy zamieszczony na YouTube pod poni\u017cszym wideo: Panie Prezydencie dzi\u0119kuj\u0119 za te s\u0142owa otuchy dla Narodu Polskiego. Nar\u00f3d Polski wyszed\u0142by z UE , bo jeste\u015bmy zgn\u0119bieni., totalnie zgn\u0119bieni przez UE we wszystkich sferach \u017cycia. Niestety nie mamy jako Nar\u00f3d powa\u017cnej si\u0142y politycznej w Warszawie , kt\u00f3ra powiedzia\u0142aby &#8221; Do\u015b\u0107, Wychodzimy&#8221;. Nie mamy Polityka\u2026 <span class=\"read-more\"><a href=\"https:\/\/www.nagrocki.net\/?p=368\">Dowiedz si\u0119 wi\u0119cej &raquo;<\/a><\/span><\/p>\n","protected":false},"author":1,"featured_media":0,"comment_status":"open","ping_status":"open","sticky":false,"template":"","format":"standard","meta":{"footnotes":""},"categories":[40,54],"tags":[],"class_list":["post-368","post","type-post","status-publish","format-standard","hentry","category-donald-j-trump","category-wybory-prezydenckie-2025-w-polsce"],"_links":{"self":[{"href":"https:\/\/www.nagrocki.net\/index.php?rest_route=\/wp\/v2\/posts\/368","targetHints":{"allow":["GET"]}}],"collection":[{"href":"https:\/\/www.nagrocki.net\/index.php?rest_route=\/wp\/v2\/posts"}],"about":[{"href":"https:\/\/www.nagrocki.net\/index.php?rest_route=\/wp\/v2\/types\/post"}],"author":[{"embeddable":true,"href":"https:\/\/www.nagrocki.net\/index.php?rest_route=\/wp\/v2\/users\/1"}],"replies":[{"embeddable":true,"href":"https:\/\/www.nagrocki.net\/index.php?rest_route=%2Fwp%2Fv2%2Fcomments&post=368"}],"version-history":[{"count":2,"href":"https:\/\/www.nagrocki.net\/index.php?rest_route=\/wp\/v2\/posts\/368\/revisions"}],"predecessor-version":[{"id":371,"href":"https:\/\/www.nagrocki.net\/index.php?rest_route=\/wp\/v2\/posts\/368\/revisions\/371"}],"wp:attachment":[{"href":"https:\/\/www.nagrocki.net\/index.php?rest_route=%2Fwp%2Fv2%2Fmedia&parent=368"}],"wp:term":[{"taxonomy":"category","embeddable":true,"href":"https:\/\/www.nagrocki.net\/index.php?rest_route=%2Fwp%2Fv2%2Fcategories&post=368"},{"taxonomy":"post_tag","embeddable":true,"href":"https:\/\/www.nagrocki.net\/index.php?rest_route=%2Fwp%2Fv2%2Ftags&post=368"}],"curies":[{"name":"wp","href":"https:\/\/api.w.org\/{rel}","templated":true}]}}