{"id":413,"date":"2025-05-27T22:20:43","date_gmt":"2025-05-27T20:20:43","guid":{"rendered":"https:\/\/www.nagrocki.net\/?p=413"},"modified":"2025-05-27T22:20:43","modified_gmt":"2025-05-27T20:20:43","slug":"tonacy-brzytwy-sie-chwyta","status":"publish","type":"post","link":"https:\/\/www.nagrocki.net\/?p=413","title":{"rendered":"Ton\u0105cy brzytwy si\u0119 chwyta&#8230;"},"content":{"rendered":"\n<p>Czy Donald Tusk ma problemy z logicznym my\u015bleniem? Ostatni jego wpis na platformie X potwierdza moje przypuszczenia przy okazji og\u0142oszenia afery hotelowej (patrz poprzedni wpis).<\/p>\n\n\n\n<figure class=\"wp-block-image size-full\"><img loading=\"lazy\" decoding=\"async\" width=\"730\" height=\"191\" src=\"https:\/\/www.nagrocki.net\/wp-content\/uploads\/2025\/05\/Screenshot-2025-05-27-at-21-59-22-2-Donald-Tusk-@donaldtusk-_-X.png\" alt=\"\" class=\"wp-image-414\" srcset=\"https:\/\/www.nagrocki.net\/wp-content\/uploads\/2025\/05\/Screenshot-2025-05-27-at-21-59-22-2-Donald-Tusk-@donaldtusk-_-X.png 730w, https:\/\/www.nagrocki.net\/wp-content\/uploads\/2025\/05\/Screenshot-2025-05-27-at-21-59-22-2-Donald-Tusk-@donaldtusk-_-X-300x78.png 300w, https:\/\/www.nagrocki.net\/wp-content\/uploads\/2025\/05\/Screenshot-2025-05-27-at-21-59-22-2-Donald-Tusk-@donaldtusk-_-X-660x173.png 660w\" sizes=\"auto, (max-width: 730px) 100vw, 730px\" \/><\/figure>\n\n\n\n<p>\u00d3wczesny szef ABW, dzisiejszy doradca prezydenta Dudy, zareagowa\u0142 na kolejne oszczerstwo Tuska:<\/p>\n\n\n\n<p><strong>Po\u015bwiadczenie bezpiecze\u0144stwa Karola Nawrockiego. By\u0142y szef ABW: Donald Tusk mija si\u0119 z prawd\u0105<\/strong><\/p>\n\n\n\n<p>W o\u015bwiadczeniu Wac\u0142awek odni\u00f3s\u0142 si\u0119 do komentarza Donalda Tuska na ten temat. Premier napisa\u0142 w nim, ze &#8222;badaj\u0105cy spraw\u0119 Nawrockiego <strong>gda\u0144ski funkcjonariusz ABW <\/strong>w 2021 roku wyda\u0142 negatywn\u0105 opini\u0119, ale pisowskie szefostwo Agencji z nieznanych powod\u00f3w jej nie uwzgl\u0119dni\u0142o&#8221;.<\/p>\n\n\n\n<p>&#8222;Po raz kolejny Premier Donald Tusk mija si\u0119 z prawd\u0105. W 2021 r. post\u0119powanie sprawdzaj\u0105ce prowadzone by\u0142o przez Departament Ochrony Informacji Niejawnych ABW w Warszawie, a nie przez Delegatur\u0119 ABW w Gda\u0144sku. W zwi\u0105zku z tym \u017caden 'gda\u0144ski funkcjonariusz ABW&#8217; nie m\u00f3g\u0142 wyda\u0107 negatywnej opinii w zakresie tego post\u0119powania&#8221; &#8211; zapewnia Wac\u0142awek.<\/p>\n\n\n\n<p>Jak wyja\u015bni\u0142, nie by\u0142o to mo\u017cliwe, poniewa\u017c post\u0119powanie &#8222;zosta\u0142o rzetelnie i zgodnie z obowi\u0105zuj\u0105cymi przepisami<strong> przeprowadzone w Warszawie<\/strong>, a eksperci Agencji Bezpiecze\u0144stwa Wewn\u0119trznego zajmuj\u0105cy si\u0119 od wielu lat ochron\u0105 informacji niejawnych rekomendowali wydanie Panu dr Karolowi Nawrockiemu po\u015bwiadcze\u0144 bezpiecze\u0144stwa do najwy\u017cszych klauzul&#8221;.<\/p>\n","protected":false},"excerpt":{"rendered":"<p>Czy Donald Tusk ma problemy z logicznym my\u015bleniem? Ostatni jego wpis na platformie X potwierdza moje przypuszczenia przy okazji og\u0142oszenia afery hotelowej (patrz poprzedni wpis). \u00d3wczesny szef ABW, dzisiejszy doradca prezydenta Dudy, zareagowa\u0142 na kolejne oszczerstwo Tuska: Po\u015bwiadczenie bezpiecze\u0144stwa Karola Nawrockiego. By\u0142y szef ABW: Donald Tusk mija si\u0119 z prawd\u0105 W o\u015bwiadczeniu Wac\u0142awek odni\u00f3s\u0142 si\u0119\u2026 <span class=\"read-more\"><a href=\"https:\/\/www.nagrocki.net\/?p=413\">Dowiedz si\u0119 wi\u0119cej &raquo;<\/a><\/span><\/p>\n","protected":false},"author":1,"featured_media":0,"comment_status":"open","ping_status":"open","sticky":false,"template":"","format":"standard","meta":{"footnotes":""},"categories":[14,54],"tags":[],"class_list":["post-413","post","type-post","status-publish","format-standard","hentry","category-donald-tusk","category-wybory-prezydenckie-2025-w-polsce"],"_links":{"self":[{"href":"https:\/\/www.nagrocki.net\/index.php?rest_route=\/wp\/v2\/posts\/413","targetHints":{"allow":["GET"]}}],"collection":[{"href":"https:\/\/www.nagrocki.net\/index.php?rest_route=\/wp\/v2\/posts"}],"about":[{"href":"https:\/\/www.nagrocki.net\/index.php?rest_route=\/wp\/v2\/types\/post"}],"author":[{"embeddable":true,"href":"https:\/\/www.nagrocki.net\/index.php?rest_route=\/wp\/v2\/users\/1"}],"replies":[{"embeddable":true,"href":"https:\/\/www.nagrocki.net\/index.php?rest_route=%2Fwp%2Fv2%2Fcomments&post=413"}],"version-history":[{"count":1,"href":"https:\/\/www.nagrocki.net\/index.php?rest_route=\/wp\/v2\/posts\/413\/revisions"}],"predecessor-version":[{"id":415,"href":"https:\/\/www.nagrocki.net\/index.php?rest_route=\/wp\/v2\/posts\/413\/revisions\/415"}],"wp:attachment":[{"href":"https:\/\/www.nagrocki.net\/index.php?rest_route=%2Fwp%2Fv2%2Fmedia&parent=413"}],"wp:term":[{"taxonomy":"category","embeddable":true,"href":"https:\/\/www.nagrocki.net\/index.php?rest_route=%2Fwp%2Fv2%2Fcategories&post=413"},{"taxonomy":"post_tag","embeddable":true,"href":"https:\/\/www.nagrocki.net\/index.php?rest_route=%2Fwp%2Fv2%2Ftags&post=413"}],"curies":[{"name":"wp","href":"https:\/\/api.w.org\/{rel}","templated":true}]}}